{"id":2799,"date":"2019-07-12T08:03:45","date_gmt":"2019-07-12T06:03:45","guid":{"rendered":"https:\/\/test.videovigilancialegal.com\/curs-despecialitzacio-en-la-privacitat-i-lempresa-una-visio-practica\/"},"modified":"2025-10-08T11:46:48","modified_gmt":"2025-10-08T09:46:48","slug":"curs-despecialitzacio-en-la-privacitat-i-lempresa-una-visio-practica","status":"publish","type":"post","link":"https:\/\/www.videovigilancialegal.com\/ca\/curs-despecialitzacio-en-la-privacitat-i-lempresa-una-visio-practica\/","title":{"rendered":"Curs d&#8217;Especialitzaci\u00f3 en la Privacitat i l&#8217;Empresa. Una Visi\u00f3 Pr\u00e0ctica"},"content":{"rendered":"<p>[et_pb_section fb_built=&#8221;1&#8243; _builder_version=&#8221;4.16&#8243; global_colors_info=&#8221;{}&#8221;][et_pb_row column_structure=&#8221;1_2,1_2&#8243; _builder_version=&#8221;4.16&#8243; global_colors_info=&#8221;{}&#8221;][et_pb_column type=&#8221;1_2&#8243; _builder_version=&#8221;4.16&#8243; global_colors_info=&#8221;{}&#8221;][et_pb_image src=&#8221;http:\/\/www.videovigilancialegal.com\/wp-content\/uploads\/2017\/01\/fulleto-newletter-curs-privacitat-UdG.jpg&#8221; url=&#8221;http:\/\/fundacioudg.org\/curs-despecialitzacio-en-la-privacitat-i-lempresa-una-visio-practica.html&#8221; url_new_window=&#8221;on&#8221; _builder_version=&#8221;4.16&#8243; global_colors_info=&#8221;{}&#8221;][\/et_pb_image][\/et_pb_column][et_pb_column type=&#8221;1_2&#8243; _builder_version=&#8221;4.16&#8243; global_colors_info=&#8221;{}&#8221;][et_pb_text _builder_version=&#8221;4.16&#8243; global_colors_info=&#8221;{}&#8221;]DARTEM, la marca generalista de VideovigilanciaLegal.com, impartir\u00e0 el proper mes de febrer a Girona, un curs d&#8217;especialitzaci\u00f3 en privacitat organitzat per la Fundaci\u00f3 UdG: Innovaci\u00f3 i formaci\u00f3.[\/et_pb_text][\/et_pb_column][\/et_pb_row][\/et_pb_section]<\/p>\n","protected":false},"excerpt":{"rendered":"<p>DARTEM, la marca generalista de VideovigilanciaLegal.com, impartir\u00e0 el proper mes de febrer a Girona, un curs d&#8217;especialitzaci\u00f3 en privacitat organitzat per la Fundaci\u00f3 UdG: Innovaci\u00f3 i formaci\u00f3.<\/p>\n","protected":false},"author":2,"featured_media":0,"comment_status":"closed","ping_status":"closed","sticky":false,"template":"","format":"standard","meta":{"_et_pb_use_builder":"on","_et_pb_old_content":"","_et_gb_content_width":"","footnotes":""},"categories":[80],"tags":[],"yoast_head":"<!-- This site is optimized with the Yoast SEO plugin v22.9 - https:\/\/yoast.com\/wordpress\/plugins\/seo\/ -->\n<title>Curs d&#039;Especialitzaci\u00f3 en Privacitat i Empresa \u2013 Visi\u00f3 Pr\u00e0ctica<\/title>\n<meta name=\"description\" content=\"Apunta&#039;t al curs d&#039;especialitzaci\u00f3 en privacitat i protecci\u00f3 de dades. Apr\u00e8n a gestionar la seguretat i complir amb la normativa legal en l&#039;\u00e0mbit empresarial.\" \/>\n<meta name=\"robots\" content=\"index, follow, max-snippet:-1, max-image-preview:large, max-video-preview:-1\" \/>\n<link rel=\"canonical\" href=\"https:\/\/www.videovigilancialegal.com\/ca\/curs-despecialitzacio-en-la-privacitat-i-lempresa-una-visio-practica\/\" \/>\n<meta property=\"og:locale\" content=\"ca_ES\" \/>\n<meta property=\"og:type\" content=\"article\" \/>\n<meta property=\"og:title\" content=\"Curs d&#039;Especialitzaci\u00f3 en Privacitat i Empresa \u2013 Visi\u00f3 Pr\u00e0ctica\" \/>\n<meta property=\"og:description\" content=\"Apunta&#039;t al curs d&#039;especialitzaci\u00f3 en privacitat i protecci\u00f3 de dades. Apr\u00e8n a gestionar la seguretat i complir amb la normativa legal en l&#039;\u00e0mbit empresarial.\" \/>\n<meta property=\"og:url\" content=\"https:\/\/www.videovigilancialegal.com\/ca\/curs-despecialitzacio-en-la-privacitat-i-lempresa-una-visio-practica\/\" \/>\n<meta property=\"og:site_name\" content=\"VideovigilanciaLegal.com\" \/>\n<meta property=\"article:published_time\" content=\"2019-07-12T06:03:45+00:00\" \/>\n<meta property=\"article:modified_time\" content=\"2025-10-08T09:46:48+00:00\" \/>\n<meta name=\"author\" content=\"Administrador\" \/>\n<meta name=\"twitter:card\" content=\"summary_large_image\" \/>\n<meta name=\"twitter:label1\" content=\"Escrit per\" \/>\n\t<meta name=\"twitter:data1\" content=\"Administrador\" \/>\n\t<meta name=\"twitter:label2\" content=\"Temps estimat de lectura\" \/>\n\t<meta name=\"twitter:data2\" content=\"1 minut\" \/>\n<script type=\"application\/ld+json\" class=\"yoast-schema-graph\">{\"@context\":\"https:\/\/schema.org\",\"@graph\":[{\"@type\":\"WebPage\",\"@id\":\"https:\/\/www.videovigilancialegal.com\/ca\/curs-despecialitzacio-en-la-privacitat-i-lempresa-una-visio-practica\/\",\"url\":\"https:\/\/www.videovigilancialegal.com\/ca\/curs-despecialitzacio-en-la-privacitat-i-lempresa-una-visio-practica\/\",\"name\":\"Curs d'Especialitzaci\u00f3 en Privacitat i Empresa \u2013 Visi\u00f3 Pr\u00e0ctica\",\"isPartOf\":{\"@id\":\"https:\/\/www.videovigilancialegal.com\/ca\/#website\"},\"datePublished\":\"2019-07-12T06:03:45+00:00\",\"dateModified\":\"2025-10-08T09:46:48+00:00\",\"author\":{\"@id\":\"https:\/\/www.videovigilancialegal.com\/ca\/#\/schema\/person\/81fc7ce12fa014ab69d85049fe215f59\"},\"description\":\"Apunta't al curs d'especialitzaci\u00f3 en privacitat i protecci\u00f3 de dades. Apr\u00e8n a gestionar la seguretat i complir amb la normativa legal en l'\u00e0mbit empresarial.\",\"breadcrumb\":{\"@id\":\"https:\/\/www.videovigilancialegal.com\/ca\/curs-despecialitzacio-en-la-privacitat-i-lempresa-una-visio-practica\/#breadcrumb\"},\"inLanguage\":\"ca\",\"potentialAction\":[{\"@type\":\"ReadAction\",\"target\":[\"https:\/\/www.videovigilancialegal.com\/ca\/curs-despecialitzacio-en-la-privacitat-i-lempresa-una-visio-practica\/\"]}]},{\"@type\":\"BreadcrumbList\",\"@id\":\"https:\/\/www.videovigilancialegal.com\/ca\/curs-despecialitzacio-en-la-privacitat-i-lempresa-una-visio-practica\/#breadcrumb\",\"itemListElement\":[{\"@type\":\"ListItem\",\"position\":1,\"name\":\"Portada\",\"item\":\"https:\/\/www.videovigilancialegal.com\/ca\/\"},{\"@type\":\"ListItem\",\"position\":2,\"name\":\"Curs d&#8217;Especialitzaci\u00f3 en la Privacitat i l&#8217;Empresa. Una Visi\u00f3 Pr\u00e0ctica\"}]},{\"@type\":\"WebSite\",\"@id\":\"https:\/\/www.videovigilancialegal.com\/ca\/#website\",\"url\":\"https:\/\/www.videovigilancialegal.com\/ca\/\",\"name\":\"VideovigilanciaLegal.com\",\"description\":\"\",\"potentialAction\":[{\"@type\":\"SearchAction\",\"target\":{\"@type\":\"EntryPoint\",\"urlTemplate\":\"https:\/\/www.videovigilancialegal.com\/ca\/?s={search_term_string}\"},\"query-input\":\"required name=search_term_string\"}],\"inLanguage\":\"ca\"},{\"@type\":\"Person\",\"@id\":\"https:\/\/www.videovigilancialegal.com\/ca\/#\/schema\/person\/81fc7ce12fa014ab69d85049fe215f59\",\"name\":\"Administrador\",\"image\":{\"@type\":\"ImageObject\",\"inLanguage\":\"ca\",\"@id\":\"https:\/\/www.videovigilancialegal.com\/ca\/#\/schema\/person\/image\/\",\"url\":\"https:\/\/secure.gravatar.com\/avatar\/b1582f802a0e4aedb7455342857399b0?s=96&d=mm&r=g\",\"contentUrl\":\"https:\/\/secure.gravatar.com\/avatar\/b1582f802a0e4aedb7455342857399b0?s=96&d=mm&r=g\",\"caption\":\"Administrador\"},\"url\":\"https:\/\/www.videovigilancialegal.com\/ca\/author\/l3ga-dmmin\/\"}]}<\/script>\n<!-- \/ Yoast SEO plugin. -->","yoast_head_json":{"title":"Curs d'Especialitzaci\u00f3 en Privacitat i Empresa \u2013 Visi\u00f3 Pr\u00e0ctica","description":"Apunta't al curs d'especialitzaci\u00f3 en privacitat i protecci\u00f3 de dades. Apr\u00e8n a gestionar la seguretat i complir amb la normativa legal en l'\u00e0mbit empresarial.","robots":{"index":"index","follow":"follow","max-snippet":"max-snippet:-1","max-image-preview":"max-image-preview:large","max-video-preview":"max-video-preview:-1"},"canonical":"https:\/\/www.videovigilancialegal.com\/ca\/curs-despecialitzacio-en-la-privacitat-i-lempresa-una-visio-practica\/","og_locale":"ca_ES","og_type":"article","og_title":"Curs d'Especialitzaci\u00f3 en Privacitat i Empresa \u2013 Visi\u00f3 Pr\u00e0ctica","og_description":"Apunta't al curs d'especialitzaci\u00f3 en privacitat i protecci\u00f3 de dades. Apr\u00e8n a gestionar la seguretat i complir amb la normativa legal en l'\u00e0mbit empresarial.","og_url":"https:\/\/www.videovigilancialegal.com\/ca\/curs-despecialitzacio-en-la-privacitat-i-lempresa-una-visio-practica\/","og_site_name":"VideovigilanciaLegal.com","article_published_time":"2019-07-12T06:03:45+00:00","article_modified_time":"2025-10-08T09:46:48+00:00","author":"Administrador","twitter_card":"summary_large_image","twitter_misc":{"Escrit per":"Administrador","Temps estimat de lectura":"1 minut"},"schema":{"@context":"https:\/\/schema.org","@graph":[{"@type":"WebPage","@id":"https:\/\/www.videovigilancialegal.com\/ca\/curs-despecialitzacio-en-la-privacitat-i-lempresa-una-visio-practica\/","url":"https:\/\/www.videovigilancialegal.com\/ca\/curs-despecialitzacio-en-la-privacitat-i-lempresa-una-visio-practica\/","name":"Curs d'Especialitzaci\u00f3 en Privacitat i Empresa \u2013 Visi\u00f3 Pr\u00e0ctica","isPartOf":{"@id":"https:\/\/www.videovigilancialegal.com\/ca\/#website"},"datePublished":"2019-07-12T06:03:45+00:00","dateModified":"2025-10-08T09:46:48+00:00","author":{"@id":"https:\/\/www.videovigilancialegal.com\/ca\/#\/schema\/person\/81fc7ce12fa014ab69d85049fe215f59"},"description":"Apunta't al curs d'especialitzaci\u00f3 en privacitat i protecci\u00f3 de dades. Apr\u00e8n a gestionar la seguretat i complir amb la normativa legal en l'\u00e0mbit empresarial.","breadcrumb":{"@id":"https:\/\/www.videovigilancialegal.com\/ca\/curs-despecialitzacio-en-la-privacitat-i-lempresa-una-visio-practica\/#breadcrumb"},"inLanguage":"ca","potentialAction":[{"@type":"ReadAction","target":["https:\/\/www.videovigilancialegal.com\/ca\/curs-despecialitzacio-en-la-privacitat-i-lempresa-una-visio-practica\/"]}]},{"@type":"BreadcrumbList","@id":"https:\/\/www.videovigilancialegal.com\/ca\/curs-despecialitzacio-en-la-privacitat-i-lempresa-una-visio-practica\/#breadcrumb","itemListElement":[{"@type":"ListItem","position":1,"name":"Portada","item":"https:\/\/www.videovigilancialegal.com\/ca\/"},{"@type":"ListItem","position":2,"name":"Curs d&#8217;Especialitzaci\u00f3 en la Privacitat i l&#8217;Empresa. Una Visi\u00f3 Pr\u00e0ctica"}]},{"@type":"WebSite","@id":"https:\/\/www.videovigilancialegal.com\/ca\/#website","url":"https:\/\/www.videovigilancialegal.com\/ca\/","name":"VideovigilanciaLegal.com","description":"","potentialAction":[{"@type":"SearchAction","target":{"@type":"EntryPoint","urlTemplate":"https:\/\/www.videovigilancialegal.com\/ca\/?s={search_term_string}"},"query-input":"required name=search_term_string"}],"inLanguage":"ca"},{"@type":"Person","@id":"https:\/\/www.videovigilancialegal.com\/ca\/#\/schema\/person\/81fc7ce12fa014ab69d85049fe215f59","name":"Administrador","image":{"@type":"ImageObject","inLanguage":"ca","@id":"https:\/\/www.videovigilancialegal.com\/ca\/#\/schema\/person\/image\/","url":"https:\/\/secure.gravatar.com\/avatar\/b1582f802a0e4aedb7455342857399b0?s=96&d=mm&r=g","contentUrl":"https:\/\/secure.gravatar.com\/avatar\/b1582f802a0e4aedb7455342857399b0?s=96&d=mm&r=g","caption":"Administrador"},"url":"https:\/\/www.videovigilancialegal.com\/ca\/author\/l3ga-dmmin\/"}]}},"_links":{"self":[{"href":"https:\/\/www.videovigilancialegal.com\/ca\/wp-json\/wp\/v2\/posts\/2799"}],"collection":[{"href":"https:\/\/www.videovigilancialegal.com\/ca\/wp-json\/wp\/v2\/posts"}],"about":[{"href":"https:\/\/www.videovigilancialegal.com\/ca\/wp-json\/wp\/v2\/types\/post"}],"author":[{"embeddable":true,"href":"https:\/\/www.videovigilancialegal.com\/ca\/wp-json\/wp\/v2\/users\/2"}],"replies":[{"embeddable":true,"href":"https:\/\/www.videovigilancialegal.com\/ca\/wp-json\/wp\/v2\/comments?post=2799"}],"version-history":[{"count":2,"href":"https:\/\/www.videovigilancialegal.com\/ca\/wp-json\/wp\/v2\/posts\/2799\/revisions"}],"predecessor-version":[{"id":3365,"href":"https:\/\/www.videovigilancialegal.com\/ca\/wp-json\/wp\/v2\/posts\/2799\/revisions\/3365"}],"wp:attachment":[{"href":"https:\/\/www.videovigilancialegal.com\/ca\/wp-json\/wp\/v2\/media?parent=2799"}],"wp:term":[{"taxonomy":"category","embeddable":true,"href":"https:\/\/www.videovigilancialegal.com\/ca\/wp-json\/wp\/v2\/categories?post=2799"},{"taxonomy":"post_tag","embeddable":true,"href":"https:\/\/www.videovigilancialegal.com\/ca\/wp-json\/wp\/v2\/tags?post=2799"}],"curies":[{"name":"wp","href":"https:\/\/api.w.org\/{rel}","templated":true}]}}