{"id":2605,"date":"2018-02-28T17:18:11","date_gmt":"2018-02-28T16:18:11","guid":{"rendered":"http:\/\/www.videovigilancialegal.com\/?p=2605?&#038;lang=es"},"modified":"2025-10-08T11:41:57","modified_gmt":"2025-10-08T09:41:57","slug":"videovigilancia-i-proteccio-de-dades-cal-posar-se-en-marxa","status":"publish","type":"post","link":"https:\/\/www.videovigilancialegal.com\/ca\/videovigilancia-i-proteccio-de-dades-cal-posar-se-en-marxa\/","title":{"rendered":"Videovigil\u00e0ncia i protecci\u00f3 de dades, cal posar-se en marxa"},"content":{"rendered":"<p><!--:ca-->El rellotge segueix corrent i tamb\u00e9 el temps per posar-se al dia pel sector de la videovigil\u00e0ncia i de la protecci\u00f3 de dades. A partir del 25 de maig s&#8217;aplicar\u00e0 a Espanya i a la resta d&#8217;estats membres de la Uni\u00f3 Europea l&#8217;anomenat Reglament general sobre protecci\u00f3 de dades (RGPD). L&#8217;aplicaci\u00f3 de la nova legislaci\u00f3 ha suposat que l&#8217;actual L.O.15 \/ 1999 (LOPD) s&#8217;hagi de reformar per adaptar-se al Reglament europeu, pel fet que ja s&#8217;ha publicat l&#8217;avantprojecte d&#8217;aquesta nova LOPD. El nou reglament introdueix novetats pel que fa a les obligacions que s&#8217;han de complir en mat\u00e8ria de privacitat, algunes de les quals afecten els sistemes de videovigil\u00e0ncia. Les novetats m\u00e9s destacades que s&#8217;han de tenir en compte en el tractament de dades personals amb sistemes de videovigil\u00e0ncia s\u00f3n les seg\u00fcents:<\/p>\n<p>1. Ser\u00e0 obligatori realitzar una avaluaci\u00f3 d&#8217;impacte en el cas d&#8217;observaci\u00f3 sistem\u00e0tica a &#8220;gran escala&#8221; d&#8217;una zona d&#8217;acc\u00e9s p\u00fablic<\/p>\n<p>2. El responsable del tractament ha de verificar que l&#8217;empresa de videovigil\u00e0ncia, com a encarregada, ofereix garanties del compliment de les obligacions del RGPD<\/p>\n<p>3. Ser\u00e0 possible captar la via p\u00fablica en una extensi\u00f3 superior a la m\u00ednima imprescindible, en cas que fos necessari garantir la seguretat de b\u00e9ns o instal\u00b7lacions estrat\u00e8giques o d&#8217;infraestructures vinculades al transport<\/p>\n<p>4. Se substitueix l&#8217;obligaci\u00f3 d&#8217;inscriure els fitxers de videovigil\u00e0ncia al Registre de l&#8217;AEPD, per la de comptar amb un registre d&#8217;activitats<\/p>\n<p>5. Augmenten les sancions i se suprimeix la possibilitat de prevenci\u00f3 per a les empreses<\/p>\n<p>6. Se suprimeix l&#8217;obligaci\u00f3 del bloqueig de les dades<\/p>\n<p>7. Els empresaris podran tractar les dades que s&#8217;obtinguin a trav\u00e9s de sistemes de c\u00e0meres o videoc\u00e0meres per a l&#8217;exercici de les funcions de control dels treballadors, sempre que aquests hagin estat informats sobre aquesta mesura La resta d&#8217;obligacions es mantenen, com la de suprimir les dades en el termini m\u00e0xim d&#8217;un mes des de la captaci\u00f3; la de donar la informaci\u00f3 sobre el tractament de dades; o la d&#8217;aplicar les mesures de seguretat necess\u00e0ries per a la seva salvaguarda.<!--:--><!--:es--><!--:--><\/p>\n","protected":false},"excerpt":{"rendered":"<p><!--:ca-->El rellotge segueix corrent. El temps per posar-se al dia s&#8217;acaba per al sector de la videovigil\u00e0ncia i de la protecci\u00f3 de dades. A partir del 25 de maig s&#8217;aplicar\u00e0 a Espanya i a la resta dels estats membres de la Uni\u00f3 Europea l&#8217;anomenat Reglament general sobre protecci\u00f3 de dades (RGPD).<!--:--><\/p>\n","protected":false},"author":2,"featured_media":2609,"comment_status":"closed","ping_status":"closed","sticky":false,"template":"","format":"standard","meta":{"_et_pb_use_builder":"","_et_pb_old_content":"","_et_gb_content_width":"","footnotes":""},"categories":[80],"tags":[],"yoast_head":"<!-- This site is optimized with the Yoast SEO plugin v22.9 - https:\/\/yoast.com\/wordpress\/plugins\/seo\/ -->\n<title>Videovigil\u00e0ncia i Protecci\u00f3 de Dades \u2013 Com Complir la Normativa Legal<\/title>\n<meta name=\"description\" content=\"Posa&#039;t en marxa per complir amb la normativa de videovigil\u00e0ncia i protecci\u00f3 de dades. Descobreix com garantir la seguretat i la privacitat a la teva empresa.\" \/>\n<meta name=\"robots\" content=\"index, follow, max-snippet:-1, max-image-preview:large, max-video-preview:-1\" \/>\n<link rel=\"canonical\" href=\"https:\/\/www.videovigilancialegal.com\/ca\/videovigilancia-i-proteccio-de-dades-cal-posar-se-en-marxa\/\" \/>\n<meta property=\"og:locale\" content=\"ca_ES\" \/>\n<meta property=\"og:type\" content=\"article\" \/>\n<meta property=\"og:title\" content=\"Videovigil\u00e0ncia i Protecci\u00f3 de Dades \u2013 Com Complir la Normativa Legal\" \/>\n<meta property=\"og:description\" content=\"Posa&#039;t en marxa per complir amb la normativa de videovigil\u00e0ncia i protecci\u00f3 de dades. Descobreix com garantir la seguretat i la privacitat a la teva empresa.\" \/>\n<meta property=\"og:url\" content=\"https:\/\/www.videovigilancialegal.com\/ca\/videovigilancia-i-proteccio-de-dades-cal-posar-se-en-marxa\/\" \/>\n<meta property=\"og:site_name\" content=\"VideovigilanciaLegal.com\" \/>\n<meta property=\"article:published_time\" content=\"2018-02-28T16:18:11+00:00\" \/>\n<meta property=\"article:modified_time\" content=\"2025-10-08T09:41:57+00:00\" \/>\n<meta name=\"author\" content=\"Administrador\" \/>\n<meta name=\"twitter:card\" content=\"summary_large_image\" \/>\n<meta name=\"twitter:label1\" content=\"Escrit per\" \/>\n\t<meta name=\"twitter:data1\" content=\"Administrador\" \/>\n\t<meta name=\"twitter:label2\" content=\"Temps estimat de lectura\" \/>\n\t<meta name=\"twitter:data2\" content=\"2 minuts\" \/>\n<script type=\"application\/ld+json\" class=\"yoast-schema-graph\">{\"@context\":\"https:\/\/schema.org\",\"@graph\":[{\"@type\":\"WebPage\",\"@id\":\"https:\/\/www.videovigilancialegal.com\/ca\/videovigilancia-i-proteccio-de-dades-cal-posar-se-en-marxa\/\",\"url\":\"https:\/\/www.videovigilancialegal.com\/ca\/videovigilancia-i-proteccio-de-dades-cal-posar-se-en-marxa\/\",\"name\":\"Videovigil\u00e0ncia i Protecci\u00f3 de Dades \u2013 Com Complir la Normativa Legal\",\"isPartOf\":{\"@id\":\"https:\/\/www.videovigilancialegal.com\/ca\/#website\"},\"primaryImageOfPage\":{\"@id\":\"https:\/\/www.videovigilancialegal.com\/ca\/videovigilancia-i-proteccio-de-dades-cal-posar-se-en-marxa\/#primaryimage\"},\"image\":{\"@id\":\"https:\/\/www.videovigilancialegal.com\/ca\/videovigilancia-i-proteccio-de-dades-cal-posar-se-en-marxa\/#primaryimage\"},\"thumbnailUrl\":\"\",\"datePublished\":\"2018-02-28T16:18:11+00:00\",\"dateModified\":\"2025-10-08T09:41:57+00:00\",\"author\":{\"@id\":\"https:\/\/www.videovigilancialegal.com\/ca\/#\/schema\/person\/81fc7ce12fa014ab69d85049fe215f59\"},\"description\":\"Posa't en marxa per complir amb la normativa de videovigil\u00e0ncia i protecci\u00f3 de dades. Descobreix com garantir la seguretat i la privacitat a la teva empresa.\",\"breadcrumb\":{\"@id\":\"https:\/\/www.videovigilancialegal.com\/ca\/videovigilancia-i-proteccio-de-dades-cal-posar-se-en-marxa\/#breadcrumb\"},\"inLanguage\":\"ca\",\"potentialAction\":[{\"@type\":\"ReadAction\",\"target\":[\"https:\/\/www.videovigilancialegal.com\/ca\/videovigilancia-i-proteccio-de-dades-cal-posar-se-en-marxa\/\"]}]},{\"@type\":\"ImageObject\",\"inLanguage\":\"ca\",\"@id\":\"https:\/\/www.videovigilancialegal.com\/ca\/videovigilancia-i-proteccio-de-dades-cal-posar-se-en-marxa\/#primaryimage\",\"url\":\"\",\"contentUrl\":\"\"},{\"@type\":\"BreadcrumbList\",\"@id\":\"https:\/\/www.videovigilancialegal.com\/ca\/videovigilancia-i-proteccio-de-dades-cal-posar-se-en-marxa\/#breadcrumb\",\"itemListElement\":[{\"@type\":\"ListItem\",\"position\":1,\"name\":\"Portada\",\"item\":\"https:\/\/www.videovigilancialegal.com\/ca\/\"},{\"@type\":\"ListItem\",\"position\":2,\"name\":\"Videovigil\u00e0ncia i protecci\u00f3 de dades, cal posar-se en marxa\"}]},{\"@type\":\"WebSite\",\"@id\":\"https:\/\/www.videovigilancialegal.com\/ca\/#website\",\"url\":\"https:\/\/www.videovigilancialegal.com\/ca\/\",\"name\":\"VideovigilanciaLegal.com\",\"description\":\"\",\"potentialAction\":[{\"@type\":\"SearchAction\",\"target\":{\"@type\":\"EntryPoint\",\"urlTemplate\":\"https:\/\/www.videovigilancialegal.com\/ca\/?s={search_term_string}\"},\"query-input\":\"required name=search_term_string\"}],\"inLanguage\":\"ca\"},{\"@type\":\"Person\",\"@id\":\"https:\/\/www.videovigilancialegal.com\/ca\/#\/schema\/person\/81fc7ce12fa014ab69d85049fe215f59\",\"name\":\"Administrador\",\"image\":{\"@type\":\"ImageObject\",\"inLanguage\":\"ca\",\"@id\":\"https:\/\/www.videovigilancialegal.com\/ca\/#\/schema\/person\/image\/\",\"url\":\"https:\/\/secure.gravatar.com\/avatar\/b1582f802a0e4aedb7455342857399b0?s=96&d=mm&r=g\",\"contentUrl\":\"https:\/\/secure.gravatar.com\/avatar\/b1582f802a0e4aedb7455342857399b0?s=96&d=mm&r=g\",\"caption\":\"Administrador\"},\"url\":\"https:\/\/www.videovigilancialegal.com\/ca\/author\/l3ga-dmmin\/\"}]}<\/script>\n<!-- \/ Yoast SEO plugin. -->","yoast_head_json":{"title":"Videovigil\u00e0ncia i Protecci\u00f3 de Dades \u2013 Com Complir la Normativa Legal","description":"Posa't en marxa per complir amb la normativa de videovigil\u00e0ncia i protecci\u00f3 de dades. Descobreix com garantir la seguretat i la privacitat a la teva empresa.","robots":{"index":"index","follow":"follow","max-snippet":"max-snippet:-1","max-image-preview":"max-image-preview:large","max-video-preview":"max-video-preview:-1"},"canonical":"https:\/\/www.videovigilancialegal.com\/ca\/videovigilancia-i-proteccio-de-dades-cal-posar-se-en-marxa\/","og_locale":"ca_ES","og_type":"article","og_title":"Videovigil\u00e0ncia i Protecci\u00f3 de Dades \u2013 Com Complir la Normativa Legal","og_description":"Posa't en marxa per complir amb la normativa de videovigil\u00e0ncia i protecci\u00f3 de dades. Descobreix com garantir la seguretat i la privacitat a la teva empresa.","og_url":"https:\/\/www.videovigilancialegal.com\/ca\/videovigilancia-i-proteccio-de-dades-cal-posar-se-en-marxa\/","og_site_name":"VideovigilanciaLegal.com","article_published_time":"2018-02-28T16:18:11+00:00","article_modified_time":"2025-10-08T09:41:57+00:00","author":"Administrador","twitter_card":"summary_large_image","twitter_misc":{"Escrit per":"Administrador","Temps estimat de lectura":"2 minuts"},"schema":{"@context":"https:\/\/schema.org","@graph":[{"@type":"WebPage","@id":"https:\/\/www.videovigilancialegal.com\/ca\/videovigilancia-i-proteccio-de-dades-cal-posar-se-en-marxa\/","url":"https:\/\/www.videovigilancialegal.com\/ca\/videovigilancia-i-proteccio-de-dades-cal-posar-se-en-marxa\/","name":"Videovigil\u00e0ncia i Protecci\u00f3 de Dades \u2013 Com Complir la Normativa Legal","isPartOf":{"@id":"https:\/\/www.videovigilancialegal.com\/ca\/#website"},"primaryImageOfPage":{"@id":"https:\/\/www.videovigilancialegal.com\/ca\/videovigilancia-i-proteccio-de-dades-cal-posar-se-en-marxa\/#primaryimage"},"image":{"@id":"https:\/\/www.videovigilancialegal.com\/ca\/videovigilancia-i-proteccio-de-dades-cal-posar-se-en-marxa\/#primaryimage"},"thumbnailUrl":"","datePublished":"2018-02-28T16:18:11+00:00","dateModified":"2025-10-08T09:41:57+00:00","author":{"@id":"https:\/\/www.videovigilancialegal.com\/ca\/#\/schema\/person\/81fc7ce12fa014ab69d85049fe215f59"},"description":"Posa't en marxa per complir amb la normativa de videovigil\u00e0ncia i protecci\u00f3 de dades. Descobreix com garantir la seguretat i la privacitat a la teva empresa.","breadcrumb":{"@id":"https:\/\/www.videovigilancialegal.com\/ca\/videovigilancia-i-proteccio-de-dades-cal-posar-se-en-marxa\/#breadcrumb"},"inLanguage":"ca","potentialAction":[{"@type":"ReadAction","target":["https:\/\/www.videovigilancialegal.com\/ca\/videovigilancia-i-proteccio-de-dades-cal-posar-se-en-marxa\/"]}]},{"@type":"ImageObject","inLanguage":"ca","@id":"https:\/\/www.videovigilancialegal.com\/ca\/videovigilancia-i-proteccio-de-dades-cal-posar-se-en-marxa\/#primaryimage","url":"","contentUrl":""},{"@type":"BreadcrumbList","@id":"https:\/\/www.videovigilancialegal.com\/ca\/videovigilancia-i-proteccio-de-dades-cal-posar-se-en-marxa\/#breadcrumb","itemListElement":[{"@type":"ListItem","position":1,"name":"Portada","item":"https:\/\/www.videovigilancialegal.com\/ca\/"},{"@type":"ListItem","position":2,"name":"Videovigil\u00e0ncia i protecci\u00f3 de dades, cal posar-se en marxa"}]},{"@type":"WebSite","@id":"https:\/\/www.videovigilancialegal.com\/ca\/#website","url":"https:\/\/www.videovigilancialegal.com\/ca\/","name":"VideovigilanciaLegal.com","description":"","potentialAction":[{"@type":"SearchAction","target":{"@type":"EntryPoint","urlTemplate":"https:\/\/www.videovigilancialegal.com\/ca\/?s={search_term_string}"},"query-input":"required name=search_term_string"}],"inLanguage":"ca"},{"@type":"Person","@id":"https:\/\/www.videovigilancialegal.com\/ca\/#\/schema\/person\/81fc7ce12fa014ab69d85049fe215f59","name":"Administrador","image":{"@type":"ImageObject","inLanguage":"ca","@id":"https:\/\/www.videovigilancialegal.com\/ca\/#\/schema\/person\/image\/","url":"https:\/\/secure.gravatar.com\/avatar\/b1582f802a0e4aedb7455342857399b0?s=96&d=mm&r=g","contentUrl":"https:\/\/secure.gravatar.com\/avatar\/b1582f802a0e4aedb7455342857399b0?s=96&d=mm&r=g","caption":"Administrador"},"url":"https:\/\/www.videovigilancialegal.com\/ca\/author\/l3ga-dmmin\/"}]}},"_links":{"self":[{"href":"https:\/\/www.videovigilancialegal.com\/ca\/wp-json\/wp\/v2\/posts\/2605"}],"collection":[{"href":"https:\/\/www.videovigilancialegal.com\/ca\/wp-json\/wp\/v2\/posts"}],"about":[{"href":"https:\/\/www.videovigilancialegal.com\/ca\/wp-json\/wp\/v2\/types\/post"}],"author":[{"embeddable":true,"href":"https:\/\/www.videovigilancialegal.com\/ca\/wp-json\/wp\/v2\/users\/2"}],"replies":[{"embeddable":true,"href":"https:\/\/www.videovigilancialegal.com\/ca\/wp-json\/wp\/v2\/comments?post=2605"}],"version-history":[{"count":3,"href":"https:\/\/www.videovigilancialegal.com\/ca\/wp-json\/wp\/v2\/posts\/2605\/revisions"}],"predecessor-version":[{"id":2780,"href":"https:\/\/www.videovigilancialegal.com\/ca\/wp-json\/wp\/v2\/posts\/2605\/revisions\/2780"}],"wp:featuredmedia":[{"embeddable":true,"href":"https:\/\/www.videovigilancialegal.com\/ca\/wp-json\/"}],"wp:attachment":[{"href":"https:\/\/www.videovigilancialegal.com\/ca\/wp-json\/wp\/v2\/media?parent=2605"}],"wp:term":[{"taxonomy":"category","embeddable":true,"href":"https:\/\/www.videovigilancialegal.com\/ca\/wp-json\/wp\/v2\/categories?post=2605"},{"taxonomy":"post_tag","embeddable":true,"href":"https:\/\/www.videovigilancialegal.com\/ca\/wp-json\/wp\/v2\/tags?post=2605"}],"curies":[{"name":"wp","href":"https:\/\/api.w.org\/{rel}","templated":true}]}}